{"id":1760,"date":"2017-12-21T22:53:55","date_gmt":"2017-12-21T22:53:55","guid":{"rendered":"https:\/\/bibliotecadagil.wordpress.com\/?p=1760"},"modified":"2017-12-21T22:53:55","modified_gmt":"2017-12-21T22:53:55","slug":"estantes-sussurrantes","status":"publish","type":"post","link":"https:\/\/www.aegv.edu.pt\/bibliotecadagil\/2017\/12\/21\/estantes-sussurrantes\/","title":{"rendered":"ESTANTES SUSSURRANTES"},"content":{"rendered":"<p style=\"text-align:justify;\">A atividade de anima\u00e7\u00e3o de leitura &#8220;Estantes Sussurrantes&#8221; decorreu, na Biblioteca da Escola Gil Vicente, no dia 11 de novembro de 2017, e foi dinamizada pelos alunos do 12\u00ba do Curso Profissional de Artes do Espet\u00e1culo, sob orienta\u00e7\u00e3o do Professor Maur\u00edcio Bonito, e pelos alunos de Portugu\u00eas L\u00edngua n\u00e3o Materna, sob orienta\u00e7\u00e3o das Professoras Carla Neto e Maria da Concei\u00e7\u00e3o Telles.<br \/>\nOs alunos do 12\u00ba AE, escondidos entre as estantes da Biblioteca, apresentaram uma leitura dram<span class=\"text_exposed_show\">atizada de duas can\u00e7\u00f5es de S\u00e9rgio Godinho (&#8220;Etelvina&#8221; e &#8220;Barnab\u00e9&#8221;); os alunos de Portugu\u00eas L\u00edngua N\u00e3o Materna intercalaram textos lidos de forma expressiva em Portugu\u00eas e em nepal\u00eas bem como can\u00e7\u00f5es nepalesas.<br \/>\nAssistiram \u00e0 iniciativa duas turmas, 6\u00ba 2\u00aa e 8\u00ba 5\u00aa, acompanhadas, respetivamente, pelas professoras Isabel Rold\u00e3o e Maria de Jesus Br\u00e1s. Finda a leitura, os alunos dinamizadores revelaram-se ao p\u00fablico. Depois, todos escutaram atentamente as can\u00e7\u00f5es de S\u00e9rgio Godinho e a sess\u00e3o terminou com uma conversa sobre as letras de &#8220;Etelvina&#8221; e &#8220;Barnab\u00e9&#8221;, moderada pelo professor Maur\u00edcio Bonito.<\/span><\/p>\n<div id=\"fb-root\"><\/div>\n<p><script>(function(d, s, id) {  var js, fjs = d.getElementsByTagName(s)[0];  if (d.getElementById(id)) return;  js = d.createElement(s); js.id = id;  js.src = 'https:\/\/connect.facebook.net\/pt_PT\/sdk.js#xfbml=1&version=v2.11';  fjs.parentNode.insertBefore(js, fjs);}(document, 'script', 'facebook-jssdk'));<\/script><\/p>\n<div class=\"fb-video\" data-href=\"https:\/\/www.facebook.com\/513059668867999\/videos\/902370839936878\/\" data-width=\"525\">\n<blockquote cite=\"https:\/\/www.facebook.com\/513059668867999\/videos\/902370839936878\/\" class=\"fb-xfbml-parse-ignore\"><p><a href=\"https:\/\/www.facebook.com\/513059668867999\/videos\/902370839936878\/\">ESTANTES SUSSURRANTES<\/a><\/p>\n<p>A atividade de anima\u00e7\u00e3o de leitura &quot;Estantes Sussurrantes&quot; decorreu, na Biblioteca da Escola Gil Vicente, no dia 11 de novembro de 2017, e foi dinamizada pelos alunos do 12\u00ba do Curso Profissional de Artes do Espet\u00e1culo,  sob orienta\u00e7\u00e3o do Professor Maur\u00edcio Bonito, e pelos alunos de Portugu\u00eas L\u00edngua n\u00e3o Materna, sob orienta\u00e7\u00e3o das Professoras Carla Neto e Maria da Concei\u00e7\u00e3o Telles. Os alunos do 12\u00ba AE, escondidos entre as estantes da Biblioteca, apresentaram uma leitura dramatizada de duas can\u00e7\u00f5es de S\u00e9rgio Godinho (&quot;Etelvina&quot; e &quot;Barnab\u00e9&quot;); os alunos de Portugu\u00eas L\u00edngua N\u00e3o Materna intercalaram textos lidos de forma expressiva em Portugu\u00eas e em nepal\u00eas bem como can\u00e7\u00f5es nepalesas. Assistiram \u00e0 iniciativa duas turmas, 6\u00ba 2\u00aa e 8\u00ba 5\u00aa, acompanhadas, respetivamente, pelas professoras Isabel Rold\u00e3o e Maria de Jesus Br\u00e1s. Finda a leitura, os alunos dinamizadores revelaram-se ao p\u00fablico. Depois, todos escutaram atentamente as can\u00e7\u00f5es de S\u00e9rgio Godinho e a sess\u00e3o terminou com uma conversa sobre as letras de &quot;Etelvina&quot; e &quot;Barnab\u00e9&quot;, moderada pelo professor Maur\u00edcio Bonito.<\/p>\n<p>Publicado por <a href=\"https:\/\/www.facebook.com\/Bibliotecas-do-AE-Gil-Vicente-Lisboa-513059668867999\/\">Bibliotecas do AE Gil Vicente, Lisboa<\/a> em Quinta-feira, 21 de Dezembro de 2017<\/p><\/blockquote>\n<\/div>\n","protected":false},"excerpt":{"rendered":"<p>A atividade de anima\u00e7\u00e3o de leitura &#8220;Estantes Sussurrantes&#8221; decorreu, na Biblioteca da Escola Gil Vicente, no dia 11 de novembro de 2017, e foi dinamizada pelos alunos do 12\u00ba do Curso Profissional de Artes do Espet\u00e1culo, sob orienta\u00e7\u00e3o do Professor Maur\u00edcio Bonito, e pelos alunos de Portugu\u00eas L\u00edngua n\u00e3o Materna, sob orienta\u00e7\u00e3o das Professoras Carla &hellip; <\/p>\n<p class=\"link-more\"><a href=\"https:\/\/www.aegv.edu.pt\/bibliotecadagil\/2017\/12\/21\/estantes-sussurrantes\/\" class=\"more-link\">Continuar a ler <span class=\"screen-reader-text\">&#8220;ESTANTES SUSSURRANTES&#8221;<\/span><\/a><\/p>\n","protected":false},"author":2,"featured_media":0,"comment_status":"open","ping_status":"open","sticky":false,"template":"","format":"standard","meta":[],"categories":[2],"tags":[],"_links":{"self":[{"href":"https:\/\/www.aegv.edu.pt\/bibliotecadagil\/wp-json\/wp\/v2\/posts\/1760"}],"collection":[{"href":"https:\/\/www.aegv.edu.pt\/bibliotecadagil\/wp-json\/wp\/v2\/posts"}],"about":[{"href":"https:\/\/www.aegv.edu.pt\/bibliotecadagil\/wp-json\/wp\/v2\/types\/post"}],"author":[{"embeddable":true,"href":"https:\/\/www.aegv.edu.pt\/bibliotecadagil\/wp-json\/wp\/v2\/users\/2"}],"replies":[{"embeddable":true,"href":"https:\/\/www.aegv.edu.pt\/bibliotecadagil\/wp-json\/wp\/v2\/comments?post=1760"}],"version-history":[{"count":1,"href":"https:\/\/www.aegv.edu.pt\/bibliotecadagil\/wp-json\/wp\/v2\/posts\/1760\/revisions"}],"predecessor-version":[{"id":2144,"href":"https:\/\/www.aegv.edu.pt\/bibliotecadagil\/wp-json\/wp\/v2\/posts\/1760\/revisions\/2144"}],"wp:attachment":[{"href":"https:\/\/www.aegv.edu.pt\/bibliotecadagil\/wp-json\/wp\/v2\/media?parent=1760"}],"wp:term":[{"taxonomy":"category","embeddable":true,"href":"https:\/\/www.aegv.edu.pt\/bibliotecadagil\/wp-json\/wp\/v2\/categories?post=1760"},{"taxonomy":"post_tag","embeddable":true,"href":"https:\/\/www.aegv.edu.pt\/bibliotecadagil\/wp-json\/wp\/v2\/tags?post=1760"}],"curies":[{"name":"wp","href":"https:\/\/api.w.org\/{rel}","templated":true}]}}